{"id":73,"count":17,"description":"Izsa t\u00f6rt\u00e9nelmi jelent\u0151s\u00e9g\u0171 telep\u00fcl\u00e9s, amely r\u00f3mai kori eml\u00e9kekr\u0151l \u00e9s r\u00e9g\u00e9szeti lel\u0151helyekr\u0151l h\u00edres. A kult\u00fara \u00e9s t\u00f6rt\u00e9nelem ir\u00e1nt \u00e9rdekl\u0151d\u0151 l\u00e1togat\u00f3k sz\u00e1m\u00e1ra igazi csemege. A telep\u00fcl\u00e9sen s\u00e9t\u00e1lva megcsod\u00e1lhatjuk a r\u00e9gi \u00e9p\u00edt\u00e9szeti eml\u00e9keket \u00e9s templomokat. K\u00f6rny\u00e9ke t\u00far\u00e1z\u00e1sra \u00e9s term\u00e9szetj\u00e1r\u00e1sra is kiv\u00e1l\u00f3. A helyi fesztiv\u00e1lok \u00e9s kultur\u00e1lis rendezv\u00e9nyek bemutatj\u00e1k a hagyom\u00e1nyos falusi \u00e9letm\u00f3dot. A csal\u00e1dbar\u00e1t programok minden koroszt\u00e1ly sz\u00e1m\u00e1ra k\u00edn\u00e1lnak \u00e9lm\u00e9nyt. A telep\u00fcl\u00e9s nyugodt \u00e9s bar\u00e1ts\u00e1gos hangulata ide\u00e1lis kikapcsol\u00f3d\u00e1sra. A term\u00e9szet k\u00f6zels\u00e9ge tov\u00e1bbi rekre\u00e1ci\u00f3s lehet\u0151s\u00e9geket biztos\u00edt.","link":"https:\/\/visitdanube.eu\/hu\/telepules\/izsa\/","name":"Izsa","slug":"izsa","taxonomy":"obec","meta":[],"acf":[],"_links":{"self":[{"href":"https:\/\/visitdanube.eu\/hu\/wp-json\/wp\/v2\/obec\/73","targetHints":{"allow":["GET"]}}],"collection":[{"href":"https:\/\/visitdanube.eu\/hu\/wp-json\/wp\/v2\/obec"}],"about":[{"href":"https:\/\/visitdanube.eu\/hu\/wp-json\/wp\/v2\/taxonomies\/obec"}],"wp:post_type":[{"href":"https:\/\/visitdanube.eu\/hu\/wp-json\/wp\/v2\/udalost?obec=73"},{"href":"https:\/\/visitdanube.eu\/hu\/wp-json\/wp\/v2\/zaujimavost?obec=73"},{"href":"https:\/\/visitdanube.eu\/hu\/wp-json\/wp\/v2\/ubytovanie?obec=73"},{"href":"https:\/\/visitdanube.eu\/hu\/wp-json\/wp\/v2\/program?obec=73"}],"curies":[{"name":"wp","href":"https:\/\/api.w.org\/{rel}","templated":true}]}}