{"id":75,"count":15,"description":"Karva fest\u0151i kis telep\u00fcl\u00e9s a Duna ment\u00e9n, ide\u00e1lis hely a term\u00e9szet k\u00f6zels\u00e9g\u00e9nek \u00e9lvezet\u00e9re. A k\u00f6rny\u00e9k t\u00fara\u00fatvonalai \u00e9s ker\u00e9kp\u00e1r\u00fatjai akt\u00edv kikapcsol\u00f3d\u00e1st k\u00edn\u00e1lnak. A telep\u00fcl\u00e9s nyugodt, biztons\u00e1gos k\u00f6rnyezete ide\u00e1lis pihen\u00e9shez. Helyi rendezv\u00e9nyek \u00e9s kultur\u00e1lis programok sz\u00ednes\u00edtik a l\u00e1togat\u00f3k \u00e9lm\u00e9ny\u00e9t. A k\u00f6zeli foly\u00f3part ide\u00e1lis horg\u00e1szatra \u00e9s piknikez\u00e9sre. A term\u00e9szet \u00e9s a z\u00f6ldter\u00fcletek kedvel\u0151inek igazi paradicsom. Karva a vid\u00e9ki \u00e9let \u00e9s a helyi kult\u00fara \u00e9lm\u00e9ny\u00e9t \u00f6tv\u00f6zi. Csal\u00e1dok \u00e9s p\u00e1rok sz\u00e1m\u00e1ra is kiv\u00e1l\u00f3 \u00fati c\u00e9l.","link":"https:\/\/visitdanube.eu\/hu\/telepules\/karva\/","name":"Karva","slug":"karva","taxonomy":"obec","meta":[],"acf":[],"_links":{"self":[{"href":"https:\/\/visitdanube.eu\/hu\/wp-json\/wp\/v2\/obec\/75","targetHints":{"allow":["GET"]}}],"collection":[{"href":"https:\/\/visitdanube.eu\/hu\/wp-json\/wp\/v2\/obec"}],"about":[{"href":"https:\/\/visitdanube.eu\/hu\/wp-json\/wp\/v2\/taxonomies\/obec"}],"wp:post_type":[{"href":"https:\/\/visitdanube.eu\/hu\/wp-json\/wp\/v2\/udalost?obec=75"},{"href":"https:\/\/visitdanube.eu\/hu\/wp-json\/wp\/v2\/zaujimavost?obec=75"},{"href":"https:\/\/visitdanube.eu\/hu\/wp-json\/wp\/v2\/ubytovanie?obec=75"},{"href":"https:\/\/visitdanube.eu\/hu\/wp-json\/wp\/v2\/program?obec=75"}],"curies":[{"name":"wp","href":"https:\/\/api.w.org\/{rel}","templated":true}]}}