{"id":77,"count":0,"description":"Naszvad egy fest\u0151i kisv\u00e1ros, amely k\u00fcl\u00f6n\u00f6sen h\u00edres a term\u00e1lf\u00fcrd\u0151j\u00e9r\u0151l \u00e9s wellness k\u00f6zpontj\u00e1r\u00f3l. Eg\u00e9sz \u00e9vben vonzza a pihen\u00e9sre \u00e9s felt\u00f6lt\u0151d\u00e9sre v\u00e1gy\u00f3 l\u00e1togat\u00f3kat. A f\u00fcrd\u0151 medenc\u00e9ivel, szaun\u00e1ival \u00e9s gy\u00f3gy\u00e1szati szolg\u00e1ltat\u00e1saival ide\u00e1lis kikapcsol\u00f3d\u00e1st k\u00edn\u00e1l. A v\u00e1ros k\u00f6rny\u00e9ke ker\u00e9kp\u00e1ros \u00e9s t\u00fara\u00fatvonalakkal v\u00e1rja a term\u00e9szet szerelmeseit. Sz\u00e1mos kultur\u00e1lis program, fesztiv\u00e1l \u00e9s rendezv\u00e9ny gazdag\u00edtja az \u00e9lm\u00e9nyt. A ny\u00e1ri id\u0151szakban szabadt\u00e9ri koncertek \u00e9s v\u00e1s\u00e1rok is v\u00e1rj\u00e1k a l\u00e1togat\u00f3kat. A csal\u00e1dbar\u00e1t szolg\u00e1ltat\u00e1sok minden koroszt\u00e1lynak k\u00edn\u00e1lnak sz\u00f3rakoz\u00e1st. Naszvad t\u00f6k\u00e9letes \u00fati c\u00e9l a pihen\u00e9st \u00e9s akt\u00edv kikapcsol\u00f3d\u00e1st kedvel\u0151k sz\u00e1m\u00e1ra.","link":"https:\/\/visitdanube.eu\/hu\/telepules\/naszvad\/","name":"Naszvad","slug":"naszvad","taxonomy":"obec","meta":[],"acf":[],"_links":{"self":[{"href":"https:\/\/visitdanube.eu\/hu\/wp-json\/wp\/v2\/obec\/77","targetHints":{"allow":["GET"]}}],"collection":[{"href":"https:\/\/visitdanube.eu\/hu\/wp-json\/wp\/v2\/obec"}],"about":[{"href":"https:\/\/visitdanube.eu\/hu\/wp-json\/wp\/v2\/taxonomies\/obec"}],"wp:post_type":[{"href":"https:\/\/visitdanube.eu\/hu\/wp-json\/wp\/v2\/udalost?obec=77"},{"href":"https:\/\/visitdanube.eu\/hu\/wp-json\/wp\/v2\/zaujimavost?obec=77"},{"href":"https:\/\/visitdanube.eu\/hu\/wp-json\/wp\/v2\/ubytovanie?obec=77"},{"href":"https:\/\/visitdanube.eu\/hu\/wp-json\/wp\/v2\/program?obec=77"}],"curies":[{"name":"wp","href":"https:\/\/api.w.org\/{rel}","templated":true}]}}