{"id":78,"count":29,"description":"\u00c9rsek\u00fajv\u00e1r a D\u00e9l-Szlov\u00e1kiai r\u00e9gi\u00f3 kultur\u00e1lis \u00e9s t\u00f6rt\u00e9nelmi k\u00f6zpontja. A v\u00e1ros h\u00edres t\u00f6rt\u00e9nelmi k\u00f6zpontj\u00e1r\u00f3l \u00e9s hangulatos ter\u00e9r\u0151l. S\u00e9t\u00e1lhatunk a r\u00e9gi utc\u00e1kon, megcsod\u00e1lhatjuk a barokk \u00e9s klasszicista \u00e9p\u00fcleteket. T\u00f6rt\u00e9nelmi m\u00faltja \u00e9s kultur\u00e1lis \u00f6r\u00f6ks\u00e9ge meghat\u00e1rozza arculat\u00e1t. A v\u00e1ros akt\u00edv kultur\u00e1lis \u00e9lettel rendelkezik, rendszeres rendezv\u00e9nyekkel \u00e9s programokkal. A v\u00e1ros k\u00f6rny\u00e9ke t\u00far\u00e1z\u00e1sra \u00e9s ker\u00e9kp\u00e1roz\u00e1sra is alkalmas. A k\u00f6zeli term\u00e1lf\u00fcrd\u0151 t\u00f6k\u00e9letes kikapcsol\u00f3d\u00e1st ny\u00fajt. A v\u00e1ros m\u00fazeumai \u00e9s gal\u00e9ri\u00e1i bemutatj\u00e1k a helyi t\u00f6rt\u00e9nelmet \u00e9s m\u0171v\u00e9szetet. Csal\u00e1doknak is ide\u00e1lis a k\u00f6rny\u00e9k, rengeteg akt\u00edv programmal.","link":"https:\/\/visitdanube.eu\/hu\/telepules\/ersekujvar\/","name":"\u00c9rsek\u00fajv\u00e1r","slug":"ersekujvar","taxonomy":"obec","meta":[],"acf":[],"_links":{"self":[{"href":"https:\/\/visitdanube.eu\/hu\/wp-json\/wp\/v2\/obec\/78","targetHints":{"allow":["GET"]}}],"collection":[{"href":"https:\/\/visitdanube.eu\/hu\/wp-json\/wp\/v2\/obec"}],"about":[{"href":"https:\/\/visitdanube.eu\/hu\/wp-json\/wp\/v2\/taxonomies\/obec"}],"wp:post_type":[{"href":"https:\/\/visitdanube.eu\/hu\/wp-json\/wp\/v2\/udalost?obec=78"},{"href":"https:\/\/visitdanube.eu\/hu\/wp-json\/wp\/v2\/zaujimavost?obec=78"},{"href":"https:\/\/visitdanube.eu\/hu\/wp-json\/wp\/v2\/ubytovanie?obec=78"},{"href":"https:\/\/visitdanube.eu\/hu\/wp-json\/wp\/v2\/program?obec=78"}],"curies":[{"name":"wp","href":"https:\/\/api.w.org\/{rel}","templated":true}]}}