{"id":81,"count":0,"description":"Sz\u00edm\u0151 egy kis telep\u00fcl\u00e9s, amely a vid\u00e9ki \u00e9let \u00e9s a term\u00e9szet k\u00f6zels\u00e9g\u00e9t \u00f6tv\u00f6zi. T\u00fara\u00fatvonalak \u00e9s ker\u00e9kp\u00e1rutak k\u00edn\u00e1lnak akt\u00edv kikapcsol\u00f3d\u00e1st. Helyi fesztiv\u00e1lok \u00e9s hagyom\u00e1ny\u0151rz\u0151 rendezv\u00e9nyek sz\u00ednes\u00edtik a l\u00e1togat\u00f3k \u00e9lm\u00e9ny\u00e9t. A k\u00f6rny\u00e9k z\u00f6ldter\u00fcletei piknikez\u00e9sre \u00e9s term\u00e9szetk\u00f6zeli s\u00e9t\u00e1kra alkalmasak. A k\u00f6zs\u00e9g nyugodt \u00e9s bar\u00e1ts\u00e1gos hangulat\u00fa. Kultur\u00e1lis \u00e9s t\u00f6rt\u00e9nelmi l\u00e1tnival\u00f3kat is k\u00edn\u00e1l. A term\u00e9szet \u00e9s a helyi k\u00f6z\u00f6ss\u00e9g \u00e9lm\u00e9nye minden l\u00e1togat\u00f3t leny\u0171g\u00f6z. Sz\u00edm\u0151 ide\u00e1lis v\u00e1laszt\u00e1s a pihen\u00e9st \u00e9s akt\u00edv kikapcsol\u00f3d\u00e1st keres\u0151knek.","link":"https:\/\/visitdanube.eu\/hu\/telepules\/szimo\/","name":"Sz\u00edm\u0151","slug":"szimo","taxonomy":"obec","meta":[],"acf":[],"_links":{"self":[{"href":"https:\/\/visitdanube.eu\/hu\/wp-json\/wp\/v2\/obec\/81","targetHints":{"allow":["GET"]}}],"collection":[{"href":"https:\/\/visitdanube.eu\/hu\/wp-json\/wp\/v2\/obec"}],"about":[{"href":"https:\/\/visitdanube.eu\/hu\/wp-json\/wp\/v2\/taxonomies\/obec"}],"wp:post_type":[{"href":"https:\/\/visitdanube.eu\/hu\/wp-json\/wp\/v2\/udalost?obec=81"},{"href":"https:\/\/visitdanube.eu\/hu\/wp-json\/wp\/v2\/zaujimavost?obec=81"},{"href":"https:\/\/visitdanube.eu\/hu\/wp-json\/wp\/v2\/ubytovanie?obec=81"},{"href":"https:\/\/visitdanube.eu\/hu\/wp-json\/wp\/v2\/program?obec=81"}],"curies":[{"name":"wp","href":"https:\/\/api.w.org\/{rel}","templated":true}]}}