{"id":755,"date":"2026-04-16T13:18:06","date_gmt":"2026-04-16T11:18:06","guid":{"rendered":"https:\/\/visitdanube.eu\/uncategorized-hu\/felfedezes-es-feltoltodes-komaromban\/"},"modified":"2026-04-16T13:20:20","modified_gmt":"2026-04-16T11:20:20","slug":"felfedezes-es-feltoltodes-komaromban","status":"publish","type":"post","link":"https:\/\/visitdanube.eu\/hu\/hirek\/felfedezes-es-feltoltodes-komaromban\/","title":{"rendered":"Felfedez\u00e9s \u00e9s felt\u00f6lt\u0151d\u00e9s Kom\u00e1romban"},"content":{"rendered":"<p>A ny\u00e1ri, 40 fokos h\u0151s\u00e9gben sokan a v\u00edzparton keresnek mened\u00e9ket, azonban Kom\u00e1romban az \u00e9vszak h\u0171v\u00f6sebb napjain is megtal\u00e1ljuk az ide\u00e1lis programokat. A v\u00e1ros gazdag \u00e9p\u00edt\u00e9szeti \u00e9s t\u00f6rt\u00e9nelmi kincsei, mint p\u00e9ld\u00e1ul a folyamatosan meg\u00fajul\u00f3 er\u0151d, a belv\u00e1ros hangulatos utc\u00e1i, illetve a sz\u00e1mtalan szobor \u00e9s ki\u00e1ll\u00edt\u00e1s mind-mind izgalmas programpontok lehetnek egy eg\u00e9sz napos kir\u00e1ndul\u00e1shoz.<\/p>\n<p><strong>Kelet-K\u00f6z\u00e9p-Eur\u00f3p\u00e1ban egyed\u00fcl\u00e1ll\u00f3 \u00e9p\u00edtm\u00e9ny az 1994-ben Europa Nostra-d\u00edjjal elismert, Nemzeti Kultur\u00e1lis M\u0171eml\u00e9kk\u00e9 nyilv\u00e1n\u00edtott kom\u00e1romi er\u0151drendszer (\u00d6regv\u00e1r, \u00dajv\u00e1r, N\u00e1dor-vonal).<\/strong> S\u00falyos p\u00e9nzek kellen\u00e9nek ahhoz, hogy a kom\u00e1romi er\u0151drendszer k\u00f6zponti r\u00e9sze \u2013 az \u00dajv\u00e1r \u00e9s az \u00d6regv\u00e1r \u2013 ism\u00e9t r\u00e9gi f\u00e9ny\u00e9ben t\u00fcnd\u00f6k\u00f6lj\u00f6n, ugyanakkor az elm\u00falt \u00e9vekben a korl\u00e1tozott anyagi lehet\u0151s\u00e9gek ellen\u00e9re is t\u00f6bb fejleszt\u00e9s zajlott sikeres p\u00e1ly\u00e1zatoknak k\u00f6sz\u00f6nhet\u0151en. Ennek is k\u00f6sz\u00f6nhet\u0151, hogy a kom\u00e1romi v\u00e1r \u00e9vr\u0151l \u00e9vre t\u00f6bb l\u00e1togat\u00f3t vonz.<\/p>\n<p><figure class=\"wp-block-image size-large\"><img decoding=\"async\" src=\"https:\/\/visitdanube.eu\/wp-content\/uploads\/2026\/04\/307189875_1517974065342000_6332646778346627670_n-1.jpg\" alt=\"\"\/><\/figure>\n<\/p>\n<p>Tavasz \u00f3ta m\u00e1r az \u00dajv\u00e1r kapuj\u00e1t\u00f3l, eg\u00e9sz pontosan az itteni laktanya\u00e9p\u00fclet kapualj\u00e1ban ki\u00e9p\u00fclt \u00faj l\u00e1togat\u00f3k\u00f6zpontb\u00f3l indulnak a v\u00e1rl\u00e1togat\u00e1sok a Pro Castello Comaromiensi t\u00e1rsul\u00e1s szervez\u00e9s\u00e9ben. Itt lehet megv\u00e1s\u00e1rolni a bel\u00e9p\u0151ket, k\u00e9nyelmes \u00e9s kultur\u00e1lt k\u00f6r\u00fclm\u00e9nyek k\u00f6z\u00f6tt v\u00e1rakozni, ak\u00e1r friss\u00edt\u0151t, k\u00e1v\u00e9t, ropogtatnival\u00f3t v\u00e1s\u00e1rolni az automat\u00e1b\u00f3l. Toalett \u00e9s mosd\u00f3, pelenk\u00e1z\u00f3 pult is rendelkez\u00e9sre \u00e1ll. <strong>A jegyp\u00e9nzt\u00e1r 30 perccel a t\u00e1rlatvezet\u00e9s el\u0151tt nyit, magyar, szlov\u00e1k, angol \u00e9s n\u00e9met nyelv\u0171 idegenvezet\u00e9ssel<\/strong> \u2013 amennyiben a l\u00e1togat\u00f3csoport \u00f6sszet\u00e9tele ezt ig\u00e9nyli, egyszerre k\u00e9t nyelven zajlik a t\u00e1j\u00e9koztat\u00e1s.<\/p>\n<p><figure class=\"wp-block-image size-large\"><img decoding=\"async\" src=\"https:\/\/visitdanube.eu\/wp-content\/uploads\/2026\/04\/kep-2048x1151-1-1.png\" alt=\"\"\/><\/figure>\n<\/p>\n<p>A t\u00f6rt\u00e9nelmi hangulatot \u00e1raszt\u00f3 falak k\u00f6z\u00f6tt s\u00e9t\u00e1lva eljuthatunk a Vaklabirintusba, az \u00d6regv\u00e1r \u00e9s \u00dajv\u00e1r kazamat\u00e1iba, j\u00e1rhatunk a f\u00f6ld alatt \u00e9s a b\u00e1styafalak tetej\u00e9n, mik\u00f6zben sok apr\u00f3 t\u00f6rt\u00e9netet \u00e9s legend\u00e1t tudhatunk meg M\u00e1ty\u00e1s kir\u00e1ly egykor itt \u00e1ll\u00f3 palot\u00e1j\u00e1r\u00f3l, a magyar kir\u00e1lys\u00e1g t\u00f6rt\u00e9nelm\u00e9r\u0151l, a t\u00f6r\u00f6k ostromr\u00f3l, a szabads\u00e1gharc h\u00f3napjair\u00f3l, \u00e9s arr\u00f3l az id\u0151szakr\u00f3l, amikor a szovjet katonas\u00e1g nem \u00e9ppen m\u0171eml\u00e9kv\u00e9d\u0151 m\u00f3don t\u00e1borozott a falak k\u00f6z\u00f6tt. Id\u0151r\u0151l id\u0151re \u00e9jszakai er\u0151dt\u00far\u00e1k is indulnak, melyek a kom\u00e1romiak k\u00f6r\u00e9ben is nagyon n\u00e9pszer\u0171ek: legk\u00f6zelebb augusztus 10-\u00e9n 20:30-kor lesz lehet\u0151s\u00e9g erre \u2013 id\u00e9n imm\u00e1r negyedszer.<\/p>\n<p><figure class=\"wp-block-image size-large\"><img decoding=\"async\" src=\"https:\/\/visitdanube.eu\/wp-content\/uploads\/2026\/04\/erod_55-1.jpg\" alt=\"\"\/><\/figure>\n<\/p>\n<p><strong>V\u00e1rs\u00e9t\u00e1k indul\u00e1sa a ny\u00e1ri id\u0151szakban (augusztus v\u00e9g\u00e9ig):<\/strong><br \/>h\u00e9tf\u0151 \u2013 p\u00e9ntek: 9:00, 11:00 \u00e9s 14:00<br \/>szombat: 11:00, 14:00 \u00e9s 16:00<br \/>vas\u00e1rnap: 11:00 \u00e9s 14:00<br \/><strong>Feln\u0151tt bel\u00e9p\u0151:<\/strong> 6 eur\u00f3<br \/><strong>Gyerek 6 \u00e9v alatt:<\/strong> ingyen<br \/><strong>Alapiskol\u00e1s di\u00e1k:<\/strong> 3 eur\u00f3<br \/><strong>K\u00f6z\u00e9piskol\u00e1s, egyetemi hallgat\u00f3, nyugd\u00edjas, eg\u00e9szs\u00e9gk\u00e1rosult:<\/strong> 3,50 eur\u00f3<br \/>Kedvezm\u00e9nyes csal\u00e1di \u00e9s csoportos bel\u00e9p\u0151k is v\u00e1lthat\u00f3k<br \/><strong>Tov\u00e1bbi inform\u00e1ci\u00f3k:<\/strong> pevnost.komarno.eu, +421 35 2851 250, +421 910 366 659<\/p>\n<p><figure class=\"wp-block-image size-large\"><img decoding=\"async\" src=\"https:\/\/visitdanube.eu\/wp-content\/uploads\/2026\/04\/erodseta_2.jpg\" alt=\"\"\/><\/figure>\n<\/p>\n<p>Fokozatosan egyre ink\u00e1bb \u00e9lettel telik meg a kom\u00e1romi k\u00f6zponti er\u0151d, egyre t\u00f6bb esem\u00e9ny helysz\u00edne \u2013 a Szent Borb\u00e1la L\u0151porrakt\u00e1rban ki\u00e1ll\u00edt\u00e1sok ny\u00edlnak, konferenci\u00e1kat rendeznek, a laktanya\u00e9p\u00fclet egyes helyis\u00e9gei k\u00e9zm\u0171vest\u00e1boroknak, k\u00e9pz\u00e9seknek adnak otthont. Ut\u00f3bbi \u00e9p\u00fclet k\u00e1polnar\u00e9sz\u00e9ben \u2013 a Pavillon Kronwerkben \u2013, illetve ennek szomsz\u00e9ds\u00e1g\u00e1ban is van egy konferenciaterem, tov\u00e1bb\u00e1 \u00e9ttermi r\u00e9sz \u00e9s apartmanok \u00e9p\u00fcltek ki, itt tal\u00e1lhat\u00f3 a Kom\u00e1romi Szekeresgazd\u00e1k Hagyom\u00e1ny\u0151rz\u0151 Egyes\u00fclet sz\u00e9khelye \u2013 egyben a t\u00f6rt\u00e9net\u00fcket bemutat\u00f3 ki\u00e1ll\u00edt\u00e1s is. Hamarosan k\u00e9zm\u0171ves s\u00f6rt is f\u0151znek majd a laktanya\u00e9p\u00fcletben \u2013 a Kamarum V\u00e1rosi S\u00f6rf\u0151zde ugyan a v\u00e1rtn\u00e1l lassabban \u00e9p\u00fcl, de val\u00f3sz\u00edn\u0171leg m\u00e9g az id\u00e9n beindul. A tulajdonosok sz\u00e1nd\u00e9ka az, hogy helyben is fogyaszthass\u00e1k a kom\u00e1romi s\u00f6r\u00f6ket a vend\u00e9gek, \u00e9s a k\u00f6zponti er\u0151d ezen r\u00e9sz\u00e9be szabad legyen a bej\u00e1r\u00e1s.<\/p>\n<p><strong>Belv\u00e1rosi s\u00e9ta Klapka v\u00e1ros\u00e1ban<\/strong><\/p>\n<p><figure class=\"wp-block-image size-large\"><img decoding=\"async\" src=\"https:\/\/visitdanube.eu\/wp-content\/uploads\/2026\/04\/klapka03-1.jpg\" alt=\"\"\/><\/figure>\n<\/p>\n<p>A v\u00e1rl\u00e1togat\u00e1s egy belv\u00e1rosi s\u00e9t\u00e1val is \u00f6sszek\u00f6thet\u0151, hiszen a v\u00e1r melletti ingyenes gy\u0171jt\u0151parkol\u00f3t\u00f3l nincs messze a t\u00f6rt\u00e9nelmi k\u00f6zpont. <strong>Gyerekes csal\u00e1doknak k\u00f6telez\u0151 meg\u00e1ll\u00f3 az Anglia park, illetve a mellette l\u00e9v\u0151 v\u00e1rosi gyerekpark, a Klapka t\u00e9rre \u00e9rve pedig el lehet d\u00f6nteni, hogy melyik fagyiz\u00f3 k\u00edn\u00e1l jobb port\u00e9k\u00e1t \u2013 k\u00f6zben az innen indul\u00f3 kisvonattal is lehet egy v\u00e1rosn\u00e9z\u0151 k\u00f6rutat tenni.<\/strong> A szomsz\u00e9dos Eur\u00f3pa udvar is meg\u00e9r egy kit\u00e9r\u0151t, ahol minden h\u00e1z egy-egy eur\u00f3pai orsz\u00e1g \u00e9p\u00edt\u00e9szeti st\u00edlus\u00e1ban \u00e9p\u00fclt, \u00e9s \u00f6sszesen 22, Kom\u00e1romhoz is k\u00f6thet\u0151 t\u00f6rt\u00e9nelmi szem\u00e9lyis\u00e9g szobra \u00e1ll itt. Vajon a kom\u00e1romiak k\u00f6z\u00fcl h\u00e1nyan tudn\u00e1k felsorolni, kiknek \u00e1ll\u00edtanak eml\u00e9ket? \u00c9s ha m\u00e1r a szobrokn\u00e1l j\u00e1runk, eml\u00edts\u00fck meg a legismertebb, legink\u00e1bb Kom\u00e1romhoz k\u00f6thet\u0151 szobrokat is: J\u00f3kai M\u00f3r\u00e9t a m\u00fazeumkertben, Klapka Gy\u00f6rgy f\u0151t\u00e9ri szobr\u00e1t, Leh\u00e1r Ferenc\u00e9t, mely a r\u00f3la elnevezett parkban \u00e1ll, V. L\u00e1szl\u00f3 kir\u00e1ly\u00e9t az Anglia parkban, vagy \u00e9ppen az egyik leg\u00fajabbat, Egressy B\u00e9ni\u00e9t, melyet a v\u00e1rparkol\u00f3 k\u00f6zel\u00e9ben \u00e1ll\u00edtottak 2018-ban.<\/p>\n<p><figure class=\"wp-block-image size-large\"><img decoding=\"async\" src=\"https:\/\/visitdanube.eu\/wp-content\/uploads\/2026\/04\/europa_udvar-1.jpg\" alt=\"\"\/><\/figure>\n<\/p>\n<p>A teljes belv\u00e1ros s\u00e9t\u00e1l\u00f3\u00f6vezet, \u00edgy a gyerekekre sem kell annyira figyelni, m\u00edg <strong>a sz\u00fcl\u0151k isznak egy finom k\u00e1v\u00e9t, esetleg legur\u00edtanak egy j\u00e9ghideg s\u00f6rt, mondjuk a Boroz\u00f3 terasz\u00e1n. Ehet\u00fcnk egy j\u00f3t p\u00e9ld\u00e1ul a Klapka \u00e9tteremben, vagy \u00e9ppen a szint\u00e9n n\u00e9h\u00e1ny sz\u00e1z m\u00e9terre tal\u00e1lhat\u00f3 Band\u00e9riumban, amely egy\u00fattal sz\u00e1ll\u00e1st is k\u00edn\u00e1l, wellness szolg\u00e1ltat\u00e1ssal. R\u00e1ad\u00e1sul a Tatra mozi is itt van, egy j\u00f3 filmre is be lehet ugrani.<\/strong> Kom\u00e1rom belv\u00e1rosa, \u00e9p\u00fcletei \u00e9s hangulata \u00f6nmag\u00e1ban is meg\u00e9r egy mis\u00e9t, ak\u00e1r a kom\u00e1romiaknak is \u00e9rdemes n\u00e9ha \u00fagy korz\u00f3zni, hogy a szok\u00e1sosn\u00e1l jobban nyitva tartj\u00e1k szem\u00fcket.<\/p>\n<p><figure class=\"wp-block-image size-large\"><img decoding=\"async\" src=\"https:\/\/visitdanube.eu\/wp-content\/uploads\/2026\/04\/IMG_32461-2048x1536-1-1.jpg\" alt=\"\"\/><\/figure>\n<\/p>\n<p><strong>Ki\u00e1ll\u00edt\u00e1sok minden \u00edzl\u00e9sre<\/strong><\/p>\n<p>Ha m\u00e1r erre j\u00e1runk, \u00e9s a gyerekek is nagyobbak, \u00e9rdemes n\u00e9h\u00e1ny ki\u00e1ll\u00edt\u00e1sra is beugrani \u2013 a legt\u00f6bb t\u00e1rlatot term\u00e9szetesen a Duna Menti M\u00fazeum k\u00edn\u00e1lja. Mivel jelenleg is g\u0151zer\u0151vel zajlik a m\u00fazeum f\u0151\u00e9p\u00fclete, az 1913-ban \u00e9p\u00fclt Kult\u00farpalota rekonstrukci\u00f3ja, az itteni id\u0151szakos \u00e9s \u00e1lland\u00f3 ki\u00e1ll\u00edt\u00e1sokat \u00f6sszecsomagolt\u00e1k \u2013 el\u0151rel\u00e1that\u00f3lag f\u00e9l \u00e9v m\u00falva ny\u00edlik majd meg az els\u0151 t\u00e1rlat a meg\u00fajult falak k\u00f6z\u00f6tt. Ugyanakkor a m\u00fazeum Zichy-palot\u00e1ban (Klapka t\u00e9r 9.) tal\u00e1lhat\u00f3 termeiben most is megtekinthet\u0151 a Kom\u00e1rom 1849 \u00e9s 1945 k\u00f6z\u00f6tti t\u00f6rt\u00e9nelm\u00e9re f\u00f3kusz\u00e1l\u00f3 ki\u00e1ll\u00edt\u00e1s, illetve a v\u00e1ros k\u00e9t vil\u00e1gh\u00edr\u0171 sz\u00fcl\u00f6tte, J\u00f3kai M\u00f3r \u00e9s Leh\u00e1r Ferenc eml\u00e9kki\u00e1ll\u00edt\u00e1sai. Mi rejlik a ruha alatt? c\u00edmmel egy id\u0151szakos ki\u00e1ll\u00edt\u00e1s is v\u00e1rja a l\u00e1togat\u00f3kat, a nem mindennapi, intim ruhadarabokat felvonultat\u00f3 t\u00e1rlat augusztus v\u00e9g\u00e9ig n\u00e9zhet\u0151 meg a Zichy-palot\u00e1ban. A m\u00fazeum \u00e9s k\u00f6nyvt\u00e1r k\u00f6z\u00f6s \u00e9p\u00fclet\u00e9ben (a Szent Andr\u00e1s-bazilika mellett) a Duna mente \u00e9l\u0151vil\u00e1g\u00e1t mutatja be egy hossz\u00fat\u00e1v\u00fa t\u00e1rlat. A VI-os b\u00e1sty\u00e1ban tal\u00e1lhat\u00f3 a R\u00f3mai k\u0151t\u00e1r (Lapid\u00e1rium), ahol t\u00f6bbs\u00e9g\u00e9ben Brigeti\u00f3b\u00f3l \u00e9s Kelemanti\u00e1b\u00f3l sz\u00e1rmaz\u00f3 k\u00fcl\u00f6nb\u00f6z\u0151 s\u00edrk\u00f6vek, s\u00edrk\u0151t\u00f6red\u00e9kek, olt\u00e1rk\u00f6vek \u00e9s szarkof\u00e1gok tekinthet\u0151k meg. Az eml\u00edtett ki\u00e1ll\u00edt\u00e1sok augusztus v\u00e9g\u00e9ig h\u00e9tf\u0151 \u00e9s vas\u00e1rnap kiv\u00e9tel\u00e9vel minden nap 9 \u00f3r\u00e1t\u00f3l 17 \u00f3r\u00e1ig v\u00e1rj\u00e1k a l\u00e1togat\u00f3kat.<\/p>\n<p><figure class=\"wp-block-image size-large\"><img decoding=\"async\" src=\"https:\/\/visitdanube.eu\/wp-content\/uploads\/2026\/04\/Lapidarium-1-1.jpg\" alt=\"\"\/><\/figure>\n<\/p>\n<p>A martosi t\u00e1jh\u00e1z szint\u00e9n a kom\u00e1romi m\u00fazeum igazgat\u00e1sa al\u00e1 tartozik, h\u00e9tf\u0151 kiv\u00e9tel\u00e9vel minden nap 10-t\u0151l 17 \u00f3r\u00e1ig kereshet\u0151 fel, el\u0151zetes egyeztet\u00e9st k\u00f6vet\u0151en \u2013 telefonsz\u00e1m: +421 915 775 470.<\/p>\n<p><strong>Duna Menti M\u00fazeum<\/strong><br \/><strong>Nyitvatart\u00e1s:<\/strong> h\u00e9tf\u0151t\u0151l \u2013 szombatig 9 \u00f3r\u00e1t\u00f3l 17 \u00f3r\u00e1ig<br \/><strong>\u00c1lland\u00f3 \u00e9s id\u0151szakos ki\u00e1ll\u00edt\u00e1sok:<\/strong> feln\u0151tt bel\u00e9p\u0151 \u2013 5 eur\u00f3, gyerek, di\u00e1k, nyugd\u00edjas \u2013 3 eur\u00f3<br \/><strong>Csak id\u0151szakos ki\u00e1ll\u00edt\u00e1sok:<\/strong> feln\u0151tt bel\u00e9p\u0151 \u2013 2 eur\u00f3, gyerek, di\u00e1k, nyugd\u00edjas \u2013 1 eur\u00f3<br \/>Hat \u00e9v alatt \u00e9s 70 \u00e9v felett ingyenes bel\u00e9p\u00e9s<br \/><strong>Tov\u00e1bbi inform\u00e1ci\u00f3:<\/strong> muzeumkn.sk<\/p>\n<p><figure class=\"wp-block-image size-large\"><img decoding=\"async\" src=\"https:\/\/visitdanube.eu\/wp-content\/uploads\/2026\/04\/bazilika1-1.jpg\" alt=\"\"\/><\/figure>\n<\/p>\n<p>Okt\u00f3ber 25-ig a Menh\u00e1zban (E\u00f6tv\u00f6s utca 15.) T\u00f6red\u00e9kek \u2013 kom\u00e1romi sorsok \u00e9s t\u00f6rt\u00e9netek c\u00edmmel, el\u0151zetes bejelentkez\u00e9s nyom\u00e1n tekinthet\u0151 meg a holokauszt 80. \u00e9vfordul\u00f3j\u00e1ra k\u00e9sz\u00fclt eml\u00e9kki\u00e1ll\u00edt\u00e1s. A m\u00e1r eml\u00edtett, v\u00e1r ter\u00fclet\u00e9n l\u00e9v\u0151 Szent Borb\u00e1la L\u0151porrakt\u00e1rban pedig A kom\u00e1romi haj\u00f3gy\u00e1rt\u00e1s 125 \u00e9ve c\u00edm\u0171 ki\u00e1ll\u00edt\u00e1s l\u00e1that\u00f3 az \u00e9v v\u00e9g\u00e9ig \u2013 ugyancsak el\u0151zetes bejelentkez\u00e9s ut\u00e1n. Augusztus 8-\u00e1n 17 \u00f3r\u00e1t\u00f3l pedig egy tov\u00e1bbi t\u00e1rlat is ny\u00edlik az er\u0151dben (a laktanya\u00e9p\u00fclet k\u00e1polnar\u00e9sz\u00e9ben), amely Ratimorsky Piroska r\u00e9g\u00e9sz 80 \u00e9ves \u00e9letjubileuma alkalm\u00e1b\u00f3l indul Piroska \u2013 \u00c9letem \u00e9s a r\u00e9g\u00e9szet c\u00edmmel. Ezenk\u00edv\u00fcl a katonatemplomban m\u0171k\u00f6d\u0151 Limes Gal\u00e9ri\u00e1ba (Ferencesek utc\u00e1ja 31.), vagy \u00e9ppen a Platz Gal\u00e9ri\u00e1ban (\u0160tef\u00e1nik t\u00e9r 15.) is rendszeresen ny\u00edlnak ki\u00e1ll\u00edt\u00e1sok.<\/p>\n<p><em>A cikk megjelen\u00e9s\u00e9t a Szlov\u00e1k K\u00f6zt\u00e1rsas\u00e1g Idegenforgalmi \u00e9s Sportminiszt\u00e9riuma t\u00e1mogatta.<\/em><\/p>\n","protected":false},"excerpt":{"rendered":"<p>A ny\u00e1ri, 40 fokos h\u0151s\u00e9gben sokan a v\u00edzparton keresnek mened\u00e9ket, azonban Kom\u00e1romban az \u00e9vszak h\u0171v\u00f6sebb napjain is megtal\u00e1ljuk az ide\u00e1lis programokat. A v\u00e1ros gazdag \u00e9p\u00edt\u00e9szeti \u00e9s t\u00f6rt\u00e9nelmi kincsei, mint p\u00e9ld\u00e1ul a folyamatosan meg\u00fajul\u00f3 er\u0151d, a belv\u00e1ros hangulatos utc\u00e1i, illetve a sz\u00e1mtalan szobor \u00e9s ki\u00e1ll\u00edt\u00e1s mind-mind izgalmas programpontok lehetnek egy eg\u00e9sz napos kir\u00e1ndul\u00e1shoz. Kelet-K\u00f6z\u00e9p-Eur\u00f3p\u00e1ban egyed\u00fcl\u00e1ll\u00f3 \u00e9p\u00edtm\u00e9ny [&hellip;]<\/p>\n","protected":false},"author":1,"featured_media":745,"comment_status":"open","ping_status":"open","sticky":false,"template":"","format":"standard","meta":{"_acf_changed":false,"footnotes":""},"categories":[21],"tags":[],"class_list":["post-755","post","type-post","status-publish","format-standard","has-post-thumbnail","hentry","category-hirek"],"acf":[],"_links":{"self":[{"href":"https:\/\/visitdanube.eu\/hu\/wp-json\/wp\/v2\/posts\/755","targetHints":{"allow":["GET"]}}],"collection":[{"href":"https:\/\/visitdanube.eu\/hu\/wp-json\/wp\/v2\/posts"}],"about":[{"href":"https:\/\/visitdanube.eu\/hu\/wp-json\/wp\/v2\/types\/post"}],"author":[{"embeddable":true,"href":"https:\/\/visitdanube.eu\/hu\/wp-json\/wp\/v2\/users\/1"}],"replies":[{"embeddable":true,"href":"https:\/\/visitdanube.eu\/hu\/wp-json\/wp\/v2\/comments?post=755"}],"version-history":[{"count":1,"href":"https:\/\/visitdanube.eu\/hu\/wp-json\/wp\/v2\/posts\/755\/revisions"}],"predecessor-version":[{"id":756,"href":"https:\/\/visitdanube.eu\/hu\/wp-json\/wp\/v2\/posts\/755\/revisions\/756"}],"wp:featuredmedia":[{"embeddable":true,"href":"https:\/\/visitdanube.eu\/hu\/wp-json\/wp\/v2\/media\/745"}],"wp:attachment":[{"href":"https:\/\/visitdanube.eu\/hu\/wp-json\/wp\/v2\/media?parent=755"}],"wp:term":[{"taxonomy":"category","embeddable":true,"href":"https:\/\/visitdanube.eu\/hu\/wp-json\/wp\/v2\/categories?post=755"},{"taxonomy":"post_tag","embeddable":true,"href":"https:\/\/visitdanube.eu\/hu\/wp-json\/wp\/v2\/tags?post=755"}],"curies":[{"name":"wp","href":"https:\/\/api.w.org\/{rel}","templated":true}]}}